{"id":2993,"date":"2016-03-17T14:59:22","date_gmt":"2016-03-17T13:59:22","guid":{"rendered":"https:\/\/bioforschung.at\/?p=2993"},"modified":"2016-03-17T15:04:03","modified_gmt":"2016-03-17T14:04:03","slug":"bio-forschung-austria-im-rahmen-des-wiener-umweltpreises-fuer-oekomassnahmen-ausgezeichnet","status":"publish","type":"post","link":"https:\/\/www.bioforschung.at\/cs\/bio-forschung-austria-im-rahmen-des-wiener-umweltpreises-fuer-oekomassnahmen-ausgezeichnet\/","title":{"rendered":"BIO FORSCHUNG AUSTRIA im Rahmen des Wiener Umweltpreises f\u00fcr \u00d6koma\u00dfnahmen ausgezeichnet"},"content":{"rendered":"<p>Neben dem Umweltpreis bekamen an diesem Abend auch 133 Wiener Betriebe den \u00d6koBusinessPlan-Pokal f\u00fcr Ihre Teilnahme am Umweltserviceprogramm der Stadt Wien. Umweltstadtr\u00e4tin Ulli Sima: \u201eIch freue mich, dass das Interesse an unserem F\u00f6rderprogramm nach wie vor sehr gro\u00df ist. Immer mehr Betriebe erkennen, dass sich nachhaltige Ma\u00dfnahmen rechnen \u2013 f\u00fcr Mensch und Umwelt. Mit den heute ausgezeichneten Betrieben stellen wir gemeinsam die Weichen f\u00fcr die Zukunft unserer heimischen Wirtschaft.\u201c<\/p>\n<p>Die BIO FORSCHUNG AUSTRIA erhielt einen \u00d6koBusinessPlan Pokal f\u00fcr ihr Engagement rund um das \u00f6sterreichische Umweltzeichen f\u00fcr Bildungseinrichtungen.<\/p>\n<p>&nbsp;<\/p>\n","protected":false},"excerpt":{"rendered":"<p>Neben dem Umweltpreis bekamen an diesem Abend auch 133 Wiener Betriebe den \u00d6koBusinessPlan-Pokal f\u00fcr Ihre Teilnahme am Umweltserviceprogramm der Stadt<\/p>\n","protected":false},"author":14,"featured_media":2957,"comment_status":"closed","ping_status":"closed","sticky":false,"template":"","format":"standard","meta":{"_acf_changed":false,"footnotes":""},"categories":[1],"tags":[],"class_list":["post-2993","post","type-post","status-publish","format-standard","has-post-thumbnail","hentry","category-allgemein"],"acf":[],"_links":{"self":[{"href":"https:\/\/www.bioforschung.at\/cs\/wp-json\/wp\/v2\/posts\/2993","targetHints":{"allow":["GET"]}}],"collection":[{"href":"https:\/\/www.bioforschung.at\/cs\/wp-json\/wp\/v2\/posts"}],"about":[{"href":"https:\/\/www.bioforschung.at\/cs\/wp-json\/wp\/v2\/types\/post"}],"author":[{"embeddable":true,"href":"https:\/\/www.bioforschung.at\/cs\/wp-json\/wp\/v2\/users\/14"}],"replies":[{"embeddable":true,"href":"https:\/\/www.bioforschung.at\/cs\/wp-json\/wp\/v2\/comments?post=2993"}],"version-history":[{"count":3,"href":"https:\/\/www.bioforschung.at\/cs\/wp-json\/wp\/v2\/posts\/2993\/revisions"}],"predecessor-version":[{"id":2996,"href":"https:\/\/www.bioforschung.at\/cs\/wp-json\/wp\/v2\/posts\/2993\/revisions\/2996"}],"wp:featuredmedia":[{"embeddable":true,"href":"https:\/\/www.bioforschung.at\/cs\/wp-json\/wp\/v2\/media\/2957"}],"wp:attachment":[{"href":"https:\/\/www.bioforschung.at\/cs\/wp-json\/wp\/v2\/media?parent=2993"}],"wp:term":[{"taxonomy":"category","embeddable":true,"href":"https:\/\/www.bioforschung.at\/cs\/wp-json\/wp\/v2\/categories?post=2993"},{"taxonomy":"post_tag","embeddable":true,"href":"https:\/\/www.bioforschung.at\/cs\/wp-json\/wp\/v2\/tags?post=2993"}],"curies":[{"name":"wp","href":"https:\/\/api.w.org\/{rel}","templated":true}]}}