{"id":56310,"date":"2017-03-30T12:17:52","date_gmt":"2017-03-30T10:17:52","guid":{"rendered":"https:\/\/bioforschung.at\/?p=56310"},"modified":"2017-03-30T12:18:17","modified_gmt":"2017-03-30T10:18:17","slug":"1-tag-der-offenen-gartentuere","status":"publish","type":"post","link":"https:\/\/www.bioforschung.at\/cs\/1-tag-der-offenen-gartentuere\/","title":{"rendered":"1. Tag der offenen Gartent\u00fcre 2017"},"content":{"rendered":"<p>Wir danken Gemeinderat Mag. Josef Taucher f\u00fcr die Er\u00f6ffnung unseres instand gesetzten Gew\u00e4chshauses und allen Interessierten f\u00fcr Ihren Besuch!<\/p>\n<p>Jetzt k\u00f6nnen wir mit frischer Kraft in die Gartensaion 2017 starten!<\/p>\n\n\t\t<style type=\"text\/css\">\n\t\t\t#gallery-1 {\n\t\t\t\tmargin: auto;\n\t\t\t}\n\t\t\t#gallery-1 .gallery-item {\n\t\t\t\tfloat: left;\n\t\t\t\tmargin-top: 10px;\n\t\t\t\ttext-align: center;\n\t\t\t\twidth: 33%;\n\t\t\t}\n\t\t\t#gallery-1 img {\n\t\t\t\tborder: 2px solid #cfcfcf;\n\t\t\t}\n\t\t\t#gallery-1 .gallery-caption {\n\t\t\t\tmargin-left: 0;\n\t\t\t}\n\t\t\t\/* see gallery_shortcode() in wp-includes\/media.php *\/\n\t\t<\/style>\n\t\t<div id='gallery-1' class='gallery galleryid-56310 gallery-columns-3 gallery-size-thumbnail'><dl class='gallery-item'>\n\t\t\t<dt class='gallery-icon landscape'>\n\t\t\t\t<a href='https:\/\/www.bioforschung.at\/cs\/img_9408-3\/'><img loading=\"lazy\" decoding=\"async\" width=\"150\" height=\"150\" src=\"https:\/\/www.bioforschung.at\/wp-content\/uploads\/2017\/03\/IMG_9408-150x150.jpg\" class=\"attachment-thumbnail size-thumbnail\" alt=\"\" \/><\/a>\n\t\t\t<\/dt><\/dl><dl class='gallery-item'>\n\t\t\t<dt class='gallery-icon landscape'>\n\t\t\t\t<a href='https:\/\/www.bioforschung.at\/cs\/img_9400-3\/'><img loading=\"lazy\" decoding=\"async\" width=\"150\" height=\"150\" src=\"https:\/\/www.bioforschung.at\/wp-content\/uploads\/2017\/03\/IMG_9400-150x150.jpg\" class=\"attachment-thumbnail size-thumbnail\" alt=\"\" \/><\/a>\n\t\t\t<\/dt><\/dl><dl class='gallery-item'>\n\t\t\t<dt class='gallery-icon landscape'>\n\t\t\t\t<a href='https:\/\/www.bioforschung.at\/cs\/img_9419-3\/'><img loading=\"lazy\" decoding=\"async\" width=\"150\" height=\"150\" src=\"https:\/\/www.bioforschung.at\/wp-content\/uploads\/2017\/03\/IMG_9419-150x150.jpg\" class=\"attachment-thumbnail size-thumbnail\" alt=\"\" \/><\/a>\n\t\t\t<\/dt><\/dl><br style=\"clear: both\" \/><dl class='gallery-item'>\n\t\t\t<dt class='gallery-icon landscape'>\n\t\t\t\t<a href='https:\/\/www.bioforschung.at\/cs\/img_9434-3\/'><img loading=\"lazy\" decoding=\"async\" width=\"150\" height=\"150\" src=\"https:\/\/www.bioforschung.at\/wp-content\/uploads\/2017\/03\/IMG_9434-150x150.jpg\" class=\"attachment-thumbnail size-thumbnail\" alt=\"\" \/><\/a>\n\t\t\t<\/dt><\/dl>\n\t\t\t<br style='clear: both' \/>\n\t\t<\/div>\n\n<p>&nbsp;<\/p>\n","protected":false},"excerpt":{"rendered":"<p>Wir danken Gemeinderat Mag. Josef Taucher f\u00fcr die Er\u00f6ffnung unseres instand gesetzten Gew\u00e4chshauses und allen Interessierten f\u00fcr Ihren Besuch! Jetzt<\/p>\n","protected":false},"author":14,"featured_media":56331,"comment_status":"closed","ping_status":"closed","sticky":false,"template":"","format":"standard","meta":{"_acf_changed":false,"footnotes":""},"categories":[1],"tags":[],"class_list":["post-56310","post","type-post","status-publish","format-standard","has-post-thumbnail","hentry","category-allgemein"],"acf":[],"_links":{"self":[{"href":"https:\/\/www.bioforschung.at\/cs\/wp-json\/wp\/v2\/posts\/56310","targetHints":{"allow":["GET"]}}],"collection":[{"href":"https:\/\/www.bioforschung.at\/cs\/wp-json\/wp\/v2\/posts"}],"about":[{"href":"https:\/\/www.bioforschung.at\/cs\/wp-json\/wp\/v2\/types\/post"}],"author":[{"embeddable":true,"href":"https:\/\/www.bioforschung.at\/cs\/wp-json\/wp\/v2\/users\/14"}],"replies":[{"embeddable":true,"href":"https:\/\/www.bioforschung.at\/cs\/wp-json\/wp\/v2\/comments?post=56310"}],"version-history":[{"count":2,"href":"https:\/\/www.bioforschung.at\/cs\/wp-json\/wp\/v2\/posts\/56310\/revisions"}],"predecessor-version":[{"id":56337,"href":"https:\/\/www.bioforschung.at\/cs\/wp-json\/wp\/v2\/posts\/56310\/revisions\/56337"}],"wp:featuredmedia":[{"embeddable":true,"href":"https:\/\/www.bioforschung.at\/cs\/wp-json\/wp\/v2\/media\/56331"}],"wp:attachment":[{"href":"https:\/\/www.bioforschung.at\/cs\/wp-json\/wp\/v2\/media?parent=56310"}],"wp:term":[{"taxonomy":"category","embeddable":true,"href":"https:\/\/www.bioforschung.at\/cs\/wp-json\/wp\/v2\/categories?post=56310"},{"taxonomy":"post_tag","embeddable":true,"href":"https:\/\/www.bioforschung.at\/cs\/wp-json\/wp\/v2\/tags?post=56310"}],"curies":[{"name":"wp","href":"https:\/\/api.w.org\/{rel}","templated":true}]}}