{"id":59132,"date":"2018-02-13T17:11:09","date_gmt":"2018-02-13T16:11:09","guid":{"rendered":"https:\/\/bioforschung.at\/?p=59132"},"modified":"2018-02-13T17:25:43","modified_gmt":"2018-02-13T16:25:43","slug":"ma-49-und-bio-forschung-austria-als-mitbegruender-des-organic-cities-network-europe","status":"publish","type":"post","link":"https:\/\/www.bioforschung.at\/cs\/ma-49-und-bio-forschung-austria-als-mitbegruender-des-organic-cities-network-europe\/","title":{"rendered":"MA 49 und Bio Forschung Austria als Mitbegr\u00fcnder des \u201eOrganic Cities Network Europe\u201c"},"content":{"rendered":"<h3><strong>Am 8. J\u00e4nner 2018 wurde im Rathaus von Paris in feierlichem Rahmen das \u201eOrganic Cities Network Europe\u201c begr\u00fcndet. Wien gilt darin als Vorreiter der st\u00e4dtischen Bio-Landwirtschaft.<\/strong><\/h3>\n<p>Das \u201eOrganic Cities Network Europe\u201c ist ein Zusammenschluss europ\u00e4ischer Gro\u00dfst\u00e4dte wie Paris, N\u00fcrnberg und Mailand mit dem Ziel, die Lebensqualit\u00e4t der Bev\u00f6lkerung durch Zugang zu hochwertigen Bio-Lebensmitteln zu verbessern. Die Stadt Wien ist im \u201eeurop\u00e4ischen Bio-St\u00e4dte Netzwerk\u201c durch den <a href=\"https:\/\/www.wien.gv.at\/kontakte\/ma49\/ocn-paris.html\" target=\"_blank\">Forst- und Landwirtschaftsbetrieb<\/a> (MA 49) und die <a href=\"https:\/\/www.bioforschung.at\/\" target=\"_blank\">Bio Forschung Austria<\/a> vertreten. Nach der Unterzeichnung der Gr\u00fcndungsurkunde durch <a href=\"https:\/\/www.wien.gv.at\/presse\/2018\/01\/12\/sima-taucher-stadt-wien-ist-mitbegruenderin-des-organic-cities-network-europe\" target=\"_blank\">Gemeinderat Joe Taucher<\/a> unterzeichnete Bernhard Kromp in Vertretung von Forstdirektor Andreas Januskovecz seitens MA 49 und Bioforschung.<\/p>\n<table>\n<tbody>\n<tr>\n<td>\n<p><div id=\"attachment_59133\" style=\"width: 417px\" class=\"wp-caption aligncenter\"><a href=\"https:\/\/www.bioforschung.at\/wp-content\/uploads\/2018\/02\/72586-DrBernhardKROMP_2.jpg\" rel=\"lightbox\"><img loading=\"lazy\" decoding=\"async\" aria-describedby=\"caption-attachment-59133\" class=\"wp-image-59133\" src=\"https:\/\/www.bioforschung.at\/wp-content\/uploads\/2018\/02\/72586-DrBernhardKROMP_2-300x200.jpg\" alt=\"72586-DrBernhardKROMP_2\" width=\"407\" height=\"271\" srcset=\"https:\/\/www.bioforschung.at\/wp-content\/uploads\/2018\/02\/72586-DrBernhardKROMP_2-300x200.jpg 300w, https:\/\/www.bioforschung.at\/wp-content\/uploads\/2018\/02\/72586-DrBernhardKROMP_2-768x513.jpg 768w, https:\/\/www.bioforschung.at\/wp-content\/uploads\/2018\/02\/72586-DrBernhardKROMP_2-1024x684.jpg 1024w\" sizes=\"auto, (max-width: 407px) 100vw, 407px\" \/><\/a><p id=\"caption-attachment-59133\" class=\"wp-caption-text\">Kromp beim Unterzeichnen der Gr\u00fcndungsurkunde des OCN<\/p><\/div><\/td>\n<td>\n<div id=\"attachment_59138\" style=\"width: 417px\" class=\"wp-caption aligncenter\"><a href=\"https:\/\/www.bioforschung.at\/wp-content\/uploads\/2018\/02\/72595-signatairesOrganicCiti_2.jpg\" rel=\"lightbox\"><img loading=\"lazy\" decoding=\"async\" aria-describedby=\"caption-attachment-59138\" class=\"wp-image-59138\" src=\"https:\/\/www.bioforschung.at\/wp-content\/uploads\/2018\/02\/72595-signatairesOrganicCiti_2-300x200.jpg\" alt=\"72595-signatairesOrganicCiti_2\" width=\"407\" height=\"271\" srcset=\"https:\/\/www.bioforschung.at\/wp-content\/uploads\/2018\/02\/72595-signatairesOrganicCiti_2-300x200.jpg 300w, https:\/\/www.bioforschung.at\/wp-content\/uploads\/2018\/02\/72595-signatairesOrganicCiti_2-768x513.jpg 768w, https:\/\/www.bioforschung.at\/wp-content\/uploads\/2018\/02\/72595-signatairesOrganicCiti_2-1024x684.jpg 1024w\" sizes=\"auto, (max-width: 407px) 100vw, 407px\" \/><\/a><p id=\"caption-attachment-59138\" class=\"wp-caption-text\">Gr\u00fcndungsmitglieder des OCN; Gastgeberin C\u00e9lia Blauel, Pariser Vizeb\u00fcrgermeisterin (1. Reihe mitte)<\/p><\/div>\n<p>&nbsp;<\/td>\n<\/tr>\n<\/tbody>\n<\/table>\n<p>Der Beitritt der Stadt Wien zum \u201eOrganic Cities Network Europe\u201c st\u00e4rkt ihre Spitzenposition als \u201elebenswerteste Stadt\u201c weltweit im Bereich gesunde Ern\u00e4hrung, Boden-, Umwelt-, Klimaschutz und Biodiversit\u00e4t.<\/p>\n<h3><strong>1.000 Hektar Bio-Anbaufl\u00e4chen<\/strong><\/h3>\n<p>Wien ist ein gefragter Partner im Netzwerk, da es den Bio-Landbau seit vielen Jahren vorbildlich f\u00f6rdert. Der <a href=\"https:\/\/www.wien.gv.at\/kontakte\/ma49\/landwirtschaftsbetrieb.html\" target=\"_blank\">Landwirtschaftsbetrieb<\/a> der MA 49 baut im Stadtgebiet auf \u00fcber 1.000 Hektar Erd\u00e4pfel, Weizen, Mais und Feldgem\u00fcse an &#8211; alles in erstklassiger, zertifizierter Bio-Qualit\u00e4t. Auch die <a href=\"https:\/\/www.wien.gv.at\/umwelt\/wald\/parzellen.html\" target=\"_blank\">\u201e\u00d6ko-Parzellen\u201c des Landwirtschaftsbetriebes <\/a>in der Donaustadt, die Wiener Familien zu einem g\u00fcnstigen Pachtpreis die ganze Saison \u00fcber mit frischem Gem\u00fcse versorgen, sind biologisch bewirtschaftet.<\/p>\n<h3><strong>Bio Forschung Austria und Biotonne-Kompost<\/strong><\/h3>\n<p>Eine Wiener Besonderheit unter den europ\u00e4ischen Bio-St\u00e4dten ist die Kooperation zwischen der MA 49 und der Bio Forschung Austria. Diese begleitet seit Anfang der 1980er Jahre die Entwicklung des Bio-Landbaus wissenschaftlich und treibt ihn voran.<\/p>\n<p>Im Mittelpunkt der Forschung steht die <a href=\"https:\/\/www.bioforschung.at\/projects\/inteko\/\" target=\"_blank\">Verbesserung der Bodenfruchtbarkeit<\/a> als Einkommensgrundlage der Biobauern. Entscheidend daf\u00fcr sind Humusaufbau und Pflanzenern\u00e4hrung durch organische D\u00fcngung, beispielsweise mit dem von der <a href=\"https:\/\/www.wien.gv.at\/umwelt\/ma48\/beratung\/muelltrennung\/biogener-abfall\/\" target=\"_blank\">MA 48 Abfallwirtschaft, Fuhrpark und Stra\u00dfenreinigung erzeugten Biotonne-Kompost<\/a>.<\/p>\n<h3><strong>Bio-Lebensmittel nach \u00d6koKauf-Kriterien<\/strong><\/h3>\n<p>Europaweit f\u00fchrend ist die Stadt Wien auch mit der seit 1999 vorgeschriebenen Bio-Quote von 30 Prozent (bei Kindern beziehungsweise Sch\u00fclerinnen und Sch\u00fclern 50 Prozent) in der Gemeinschaftsverpflegung. K\u00fcnftig sollen zus\u00e4tzlich verst\u00e4rkt regionale, saisonale, sozial fair und tierschutzgerecht produzierte Lebensmittel eingekauft werden. Bernhard Kromp leitet die daf\u00fcr zust\u00e4ndige <a href=\"https:\/\/www.wien.gv.at\/umweltschutz\/oekokauf\/ergebnisse.html\" target=\"_blank\">\u00d6koKauf-Arbeitsgruppe \u201eLebensmittel\u201c<\/a>.<\/p>\n","protected":false},"excerpt":{"rendered":"<p>Am 8. J\u00e4nner 2018 wurde im Rathaus von Paris in feierlichem Rahmen das \u201eOrganic Cities Network Europe\u201c begr\u00fcndet. Wien gilt<\/p>\n","protected":false},"author":14,"featured_media":59138,"comment_status":"closed","ping_status":"closed","sticky":false,"template":"","format":"standard","meta":{"_acf_changed":false,"footnotes":""},"categories":[1],"tags":[],"class_list":["post-59132","post","type-post","status-publish","format-standard","has-post-thumbnail","hentry","category-allgemein"],"acf":[],"_links":{"self":[{"href":"https:\/\/www.bioforschung.at\/cs\/wp-json\/wp\/v2\/posts\/59132","targetHints":{"allow":["GET"]}}],"collection":[{"href":"https:\/\/www.bioforschung.at\/cs\/wp-json\/wp\/v2\/posts"}],"about":[{"href":"https:\/\/www.bioforschung.at\/cs\/wp-json\/wp\/v2\/types\/post"}],"author":[{"embeddable":true,"href":"https:\/\/www.bioforschung.at\/cs\/wp-json\/wp\/v2\/users\/14"}],"replies":[{"embeddable":true,"href":"https:\/\/www.bioforschung.at\/cs\/wp-json\/wp\/v2\/comments?post=59132"}],"version-history":[{"count":12,"href":"https:\/\/www.bioforschung.at\/cs\/wp-json\/wp\/v2\/posts\/59132\/revisions"}],"predecessor-version":[{"id":59154,"href":"https:\/\/www.bioforschung.at\/cs\/wp-json\/wp\/v2\/posts\/59132\/revisions\/59154"}],"wp:featuredmedia":[{"embeddable":true,"href":"https:\/\/www.bioforschung.at\/cs\/wp-json\/wp\/v2\/media\/59138"}],"wp:attachment":[{"href":"https:\/\/www.bioforschung.at\/cs\/wp-json\/wp\/v2\/media?parent=59132"}],"wp:term":[{"taxonomy":"category","embeddable":true,"href":"https:\/\/www.bioforschung.at\/cs\/wp-json\/wp\/v2\/categories?post=59132"},{"taxonomy":"post_tag","embeddable":true,"href":"https:\/\/www.bioforschung.at\/cs\/wp-json\/wp\/v2\/tags?post=59132"}],"curies":[{"name":"wp","href":"https:\/\/api.w.org\/{rel}","templated":true}]}}