{"id":61136,"date":"2020-02-18T19:34:57","date_gmt":"2020-02-18T18:34:57","guid":{"rendered":"https:\/\/www.bioforschung.at\/?p=61136"},"modified":"2020-03-13T15:41:25","modified_gmt":"2020-03-13T14:41:25","slug":"tage-der-offenen-begruenungswerkstatt-2020","status":"publish","type":"post","link":"https:\/\/www.bioforschung.at\/cs\/tage-der-offenen-begruenungswerkstatt-2020\/","title":{"rendered":"Absage &#8211; Tag der offenen Begr\u00fcnungswerkstatt 2020"},"content":{"rendered":"<p><span style=\"font-size: 12.0pt; color: black;\">Aufgrund der aktuellen Situation und der damit verbundenen empfohlenen Vorsichtsma\u00dfnahmen zur Eind\u00e4mmung von COVID-19 in \u00d6sterreich, <\/span><span style=\"font-size: 12.0pt;\">muss<span style=\"color: black;\"> der Feldtag zum Thema &#8222;Strip Till&#8220; am 25.3.2020 in Rechnitz <\/span>leider <span style=\"color: black;\">abgesagt<\/span> werden<span style=\"color: black;\">.<\/span><\/span><\/p>\n<p><span style=\"font-size: 12.0pt;\">Die<span style=\"color: black;\"> Strip-Till Methode von Josef Jugovits <\/span>wird Thema eines<span style=\"color: black;\"> unserer n\u00e4chsten Feldtage<\/span> sein<span style=\"color: black;\">, <\/span>voraussichtlich aber erst n\u00e4chstes Fr\u00fchjahr.<\/span><\/p>\n<p><span style=\"font-size: 12.0pt;\">\u00dcber die<span style=\"color: black;\"> Termine <\/span>werden <span style=\"color: black;\">wir sie gerne informieren.<\/span><\/span><\/p>\n<p>&#8212;-<\/p>\n<p>Strip-Till Profi <strong>Josef Jugovits<\/strong> pr\u00e4sentiert das <strong>Strip-Till Verfahren<\/strong> mit <strong>Maschinenvorf\u00fchrung<\/strong> direkt am Begr\u00fcnungsfeld und spricht \u00fcber seine Erfahrungen.<\/p>\n<p>Wir laden Sie sehr herzlich zum <strong>Tag der offenen Begr\u00fcnungswerkstatt 2020 <\/strong>ein.<\/p>\n<p><strong>Termin:<\/strong> Mittwoch, 25.3.2020 in Rechnitz\/Burgenland<\/p>\n<p>F\u00fcr Details zur Veranstaltung und Anmeldung bitte <strong><a href=\"https:\/\/www.bioforschung.at\/events\/tag-der-offenen-begruenungswerkstatt-2020\/\">hier<\/a><\/strong> klicken.<\/p>\n<p>Die Veranstaltungen finden im Rahmen des <a href=\"https:\/\/www.bioforschung.at\/projects\/minnc-emissionsminderung-durch-begruenungen\/\" target=\"_blank\" rel=\"noopener noreferrer\">Projektes MinNC &#8211; &#8218;Minderung der N- und C-Emissionen in die Luft und der N-Verlagerung in tiefere Bodenschichten durch Optimierung des Begr\u00fcnungsanbaus im Ackerbau&#8216;<\/a>\u00a0 statt, das vom BMLFUW und der EU gef\u00f6rdert wird. Daher ist die Teilnahme kostenlos.<\/p>\n<p>Wir freuen uns auf Ihr Kommen!<\/p>\n<p><strong>Die ARGE Begr\u00fcnung &#8211;<br \/>\n<\/strong>Karl Strohmayr, Johannes Doppelbauer, Franz Traudtner, Heinz K\u00f6stenbauer, Harald Schelander<br \/>\nKarl Riedl vom Maschinenring Hollabrunn-Horn<br \/>\nEva Erhart, Christoph Reithofer, Lisa Doppelbauer und das Team der Bio Forschung Austria<\/p>\n<p>F\u00fcr R\u00fcckfragen stehen wir Ihnen gerne zur Verf\u00fcgung (+43 1 4000 49150).<\/p>\n","protected":false},"excerpt":{"rendered":"<p>Aufgrund der aktuellen Situation und der damit verbundenen empfohlenen Vorsichtsma\u00dfnahmen zur Eind\u00e4mmung von COVID-19 in \u00d6sterreich, muss der Feldtag zum<\/p>\n","protected":false},"author":14,"featured_media":61831,"comment_status":"closed","ping_status":"closed","sticky":false,"template":"","format":"standard","meta":{"_acf_changed":false,"footnotes":""},"categories":[1,34],"tags":[],"class_list":["post-61136","post","type-post","status-publish","format-standard","has-post-thumbnail","hentry","category-allgemein","category-landwirtinnen"],"acf":[],"_links":{"self":[{"href":"https:\/\/www.bioforschung.at\/cs\/wp-json\/wp\/v2\/posts\/61136","targetHints":{"allow":["GET"]}}],"collection":[{"href":"https:\/\/www.bioforschung.at\/cs\/wp-json\/wp\/v2\/posts"}],"about":[{"href":"https:\/\/www.bioforschung.at\/cs\/wp-json\/wp\/v2\/types\/post"}],"author":[{"embeddable":true,"href":"https:\/\/www.bioforschung.at\/cs\/wp-json\/wp\/v2\/users\/14"}],"replies":[{"embeddable":true,"href":"https:\/\/www.bioforschung.at\/cs\/wp-json\/wp\/v2\/comments?post=61136"}],"version-history":[{"count":9,"href":"https:\/\/www.bioforschung.at\/cs\/wp-json\/wp\/v2\/posts\/61136\/revisions"}],"predecessor-version":[{"id":62212,"href":"https:\/\/www.bioforschung.at\/cs\/wp-json\/wp\/v2\/posts\/61136\/revisions\/62212"}],"wp:featuredmedia":[{"embeddable":true,"href":"https:\/\/www.bioforschung.at\/cs\/wp-json\/wp\/v2\/media\/61831"}],"wp:attachment":[{"href":"https:\/\/www.bioforschung.at\/cs\/wp-json\/wp\/v2\/media?parent=61136"}],"wp:term":[{"taxonomy":"category","embeddable":true,"href":"https:\/\/www.bioforschung.at\/cs\/wp-json\/wp\/v2\/categories?post=61136"},{"taxonomy":"post_tag","embeddable":true,"href":"https:\/\/www.bioforschung.at\/cs\/wp-json\/wp\/v2\/tags?post=61136"}],"curies":[{"name":"wp","href":"https:\/\/api.w.org\/{rel}","templated":true}]}}