{"id":62680,"date":"2020-06-09T13:03:37","date_gmt":"2020-06-09T11:03:37","guid":{"rendered":"https:\/\/www.bioforschung.at\/?p=62680"},"modified":"2020-06-10T14:46:28","modified_gmt":"2020-06-10T12:46:28","slug":"bio-forschung-austria-haelt-wieder-veranstaltungen-ab","status":"publish","type":"post","link":"https:\/\/www.bioforschung.at\/cs\/bio-forschung-austria-haelt-wieder-veranstaltungen-ab\/","title":{"rendered":"Bio Forschung Austria h\u00e4lt wieder Veranstaltungen ab!"},"content":{"rendered":"<p>Letzte Woche war es endlich wieder so weit! Nach der Lockerung der COVID-19-Vorsichtsma\u00dfnahmen wurden in unserem Besucherzentrum und Schaugarten die ersten Gartel-Kurse, Beikr\u00e4uter- und Distelseminare erfolgreich durchgef\u00fchrt. Die Einhaltung der Sicherheitsbestimmungen tat dem\u00a0 Lernen keinen Abbruch. Nach den lang erwarteten Niederschl\u00e4gen bl\u00fcht unser Schaugarten in seiner ganzen Artenvielfalt.<\/p>\n<p>Der n\u00e4chste Bio-Gartel<span class=\"text_exposed_show\">-Kurstag findet am Freitag, 19. Juni statt.<br \/>\nVon 15 bis 19 Uhr kann man hier viel \u00fcber die verschiedenen \u00f6kologischen Nischen im Garten, N\u00fctzlingsf\u00f6rderung und die Planung, den Anbau sowie biologische Pflegemethoden von Gem\u00fcse erfahren.<\/span><\/p>\n<div class=\"text_exposed_show\">\n<p>Wer mitmachen will, meldet sich am besten gleich bei <a href=\"&#x6d;&#x61;&#105;l&#x74;&#x6f;&#58;&#103;a&#x72;&#x74;&#101;&#108;n&#x2d;&#x69;&#110;-w&#x69;&#x65;&#110;&#64;&#x62;&#x69;&#111;&#102;o&#x72;&#x73;&#99;&#104;u&#x6e;&#x67;&#46;at\">&#x67;&#x61;&#x72;&#x74;&#x65;&#x6c;&#x6e;&#x2d;&#x69;&#x6e;&#x2d;&#x77;&#x69;&#x65;&#x6e;&#x40;&#x62;&#x69;&#x6f;&#x66;&#x6f;&#x72;&#115;&#99;&#104;&#117;&#110;&#103;&#46;&#97;&#116;<\/a> an.<\/p>\n<p>Weitere Infos zum Kurs finden Sie <a href=\"https:\/\/www.bioforschung.at\/?post_type=bfa_event&#038;p=61555\" target=\"_blank\" rel=\"noopener nofollow noreferrer\" data-ft=\"{&quot;tn&quot;:&quot;-U&quot;}\" data-lynx-mode=\"async\" data-lynx-uri=\"https:\/\/l.facebook.com\/l.php?u=https%3A%2F%2Fwww.bioforschung.at%2Fevents%2Fmiteinander-biogarteln-2020%2F%3Ffbclid%3DIwAR1FCrFa_rlW6IolNa-LTK7hBRJuFHbjbW_4lET9zDaREHAIz-FF3aEujeY&amp;h=AT1AvlzGSe9TTv1UaaNcu7iVnhqK5OUSjI1yjJTO5pPtjYGaBLFPzo74VXfeYlvGeWbAtX8A3y8Shp90y14DfZ7dpwusukcEY1_dzhZ9hrIopgd-Urexk5GBovLCsKs0gDpBqCWih5CM2c5gKfJrYFyEkJ8Ai__SaEo218sf9jDlCalgfub0knqKO6APh5STW9FkpVz6R8-CeKqqOg0rncogwuR3m7XVTuUFci30eicUzse8Na0PBXXQXCon8RnfurDNzn7EyNaPHGEYkkRzWqikkZWmNF8azVQl04LWbilD8DfcWva6ZC0WG0c3CmZrS75q3MXXDI7nIxISba_pp1UlwrW2oAeOY6NJDBG4ZgDtiZO4PbUwCEIs_OUH6JovZ0eME9iKdyF0_KHhKKGJQrnb2Mos9Wsdu0sdDYsb8ivwe24wz0gqBETdLVE5cedDCZFR1ECO5x1JM94yB98EBJSMKo8-2f-3OQt_TISpTVXWuEcCAxU3kzbkkzVZ30G5laTSXWzLoDB-UjZBNgK7g9uCTA7KGeXwm1uHrTl14LgdKEvQwTTWqX0cMbNKkzVDgz574lPYKShDVNbLHG8j2sNJtSbRtor13QQ36toLjcX3KjApyuyI-Ijj_bYKJleCgU_9UNm5SKTVspWD0Pw1JJEi-nb8GRZfXjhZ9cLulI4kNj_7_L3LkpJyv663x-fZ0-1LQhLY6xbDe0XCG32pc7iVN4FFhAV-x9FlAG6EK482KWmgdIPUAunNPnm-W5ko_qA\">hier!<\/a><\/p>\n<\/div>\n","protected":false},"excerpt":{"rendered":"<p>Letzte Woche war es endlich wieder so weit! Nach der Lockerung der COVID-19-Vorsichtsma\u00dfnahmen wurden in unserem Besucherzentrum und Schaugarten die<\/p>\n","protected":false},"author":14,"featured_media":62681,"comment_status":"closed","ping_status":"closed","sticky":false,"template":"","format":"standard","meta":{"_acf_changed":false,"footnotes":""},"categories":[1,105,35,33,34,36],"tags":[],"class_list":["post-62680","post","type-post","status-publish","format-standard","has-post-thumbnail","hentry","category-allgemein","category-gaertnerinnen","category-hochschulen","category-konsumenten","category-landwirtinnen","category-schulen"],"acf":[],"_links":{"self":[{"href":"https:\/\/www.bioforschung.at\/cs\/wp-json\/wp\/v2\/posts\/62680","targetHints":{"allow":["GET"]}}],"collection":[{"href":"https:\/\/www.bioforschung.at\/cs\/wp-json\/wp\/v2\/posts"}],"about":[{"href":"https:\/\/www.bioforschung.at\/cs\/wp-json\/wp\/v2\/types\/post"}],"author":[{"embeddable":true,"href":"https:\/\/www.bioforschung.at\/cs\/wp-json\/wp\/v2\/users\/14"}],"replies":[{"embeddable":true,"href":"https:\/\/www.bioforschung.at\/cs\/wp-json\/wp\/v2\/comments?post=62680"}],"version-history":[{"count":5,"href":"https:\/\/www.bioforschung.at\/cs\/wp-json\/wp\/v2\/posts\/62680\/revisions"}],"predecessor-version":[{"id":62690,"href":"https:\/\/www.bioforschung.at\/cs\/wp-json\/wp\/v2\/posts\/62680\/revisions\/62690"}],"wp:featuredmedia":[{"embeddable":true,"href":"https:\/\/www.bioforschung.at\/cs\/wp-json\/wp\/v2\/media\/62681"}],"wp:attachment":[{"href":"https:\/\/www.bioforschung.at\/cs\/wp-json\/wp\/v2\/media?parent=62680"}],"wp:term":[{"taxonomy":"category","embeddable":true,"href":"https:\/\/www.bioforschung.at\/cs\/wp-json\/wp\/v2\/categories?post=62680"},{"taxonomy":"post_tag","embeddable":true,"href":"https:\/\/www.bioforschung.at\/cs\/wp-json\/wp\/v2\/tags?post=62680"}],"curies":[{"name":"wp","href":"https:\/\/api.w.org\/{rel}","templated":true}]}}