{"id":63883,"date":"2021-05-30T08:05:01","date_gmt":"2021-05-30T06:05:01","guid":{"rendered":"https:\/\/www.bioforschung.at\/?p=63883"},"modified":"2021-05-21T08:09:28","modified_gmt":"2021-05-21T06:09:28","slug":"einladung-zum-feldtag-kreislaeufe-schliessen-transfermulch-und-kompostierung","status":"publish","type":"post","link":"https:\/\/www.bioforschung.at\/en\/einladung-zum-feldtag-kreislaeufe-schliessen-transfermulch-und-kompostierung\/","title":{"rendered":"Einladung zum Feldtag Kreisl\u00e4ufe schlie\u00dfen\u201c \u2013 Transfermulch und Kompostierung"},"content":{"rendered":"<p>Transfermulch (\u201e<strong>Cut &amp; Carry<\/strong>\u201c) und <strong>Kompostierung<\/strong> k\u00f6nnen ungenutzte organische Nebenprodukte zu D\u00fcnger- oder Mulchmaterial f\u00fcr den eigenen Betrieb aufwerten.<\/p>\n<p>Josef Jugovits berichtet \u00fcber seine positiven Erfahrungen mit diesen Methoden. Auf einem Feldversuch zu <strong>Cut and Carry<\/strong> untersuchen wir die Potenziale bez\u00fcglich <strong>D\u00fcngewirkung<\/strong> und <strong>Bodenwasserhaushalt<\/strong>.<\/p>\n<p><strong>Feldtag am 30.6.2021 in Rechnitz von 10-13 Uhr<\/strong><\/p>\n<p>Weitere Informationen sowie die Anmeldung zur Veranstaltung finden Sie<a href=\"https:\/\/www.bioforschung.at\/events\/feldtag-kreislaeufe-schliessen-transfermulch-und-kompostierung-am-30-6-2021\/\"><strong> hier.<\/strong><\/a><\/p>\n","protected":false},"excerpt":{"rendered":"<p>Transfermulch (\u201eCut &amp; Carry\u201c) und Kompostierung k\u00f6nnen ungenutzte organische Nebenprodukte zu D\u00fcnger- oder Mulchmaterial f\u00fcr den eigenen Betrieb aufwerten. Josef<\/p>\n","protected":false},"author":14,"featured_media":63362,"comment_status":"closed","ping_status":"closed","sticky":false,"template":"","format":"standard","meta":{"_acf_changed":false,"footnotes":""},"categories":[1,34],"tags":[],"class_list":["post-63883","post","type-post","status-publish","format-standard","has-post-thumbnail","hentry","category-allgemein","category-landwirtinnen"],"acf":[],"_links":{"self":[{"href":"https:\/\/www.bioforschung.at\/en\/wp-json\/wp\/v2\/posts\/63883","targetHints":{"allow":["GET"]}}],"collection":[{"href":"https:\/\/www.bioforschung.at\/en\/wp-json\/wp\/v2\/posts"}],"about":[{"href":"https:\/\/www.bioforschung.at\/en\/wp-json\/wp\/v2\/types\/post"}],"author":[{"embeddable":true,"href":"https:\/\/www.bioforschung.at\/en\/wp-json\/wp\/v2\/users\/14"}],"replies":[{"embeddable":true,"href":"https:\/\/www.bioforschung.at\/en\/wp-json\/wp\/v2\/comments?post=63883"}],"version-history":[{"count":1,"href":"https:\/\/www.bioforschung.at\/en\/wp-json\/wp\/v2\/posts\/63883\/revisions"}],"predecessor-version":[{"id":63884,"href":"https:\/\/www.bioforschung.at\/en\/wp-json\/wp\/v2\/posts\/63883\/revisions\/63884"}],"wp:featuredmedia":[{"embeddable":true,"href":"https:\/\/www.bioforschung.at\/en\/wp-json\/wp\/v2\/media\/63362"}],"wp:attachment":[{"href":"https:\/\/www.bioforschung.at\/en\/wp-json\/wp\/v2\/media?parent=63883"}],"wp:term":[{"taxonomy":"category","embeddable":true,"href":"https:\/\/www.bioforschung.at\/en\/wp-json\/wp\/v2\/categories?post=63883"},{"taxonomy":"post_tag","embeddable":true,"href":"https:\/\/www.bioforschung.at\/en\/wp-json\/wp\/v2\/tags?post=63883"}],"curies":[{"name":"wp","href":"https:\/\/api.w.org\/{rel}","templated":true}]}}