{"id":70830,"date":"2024-05-07T09:45:01","date_gmt":"2024-05-07T07:45:01","guid":{"rendered":"https:\/\/www.bioforschung.at\/?p=70830"},"modified":"2025-06-30T09:40:52","modified_gmt":"2025-06-30T07:40:52","slug":"neue-videos-zum-thema-mehrnutzungshecken-online","status":"publish","type":"post","link":"https:\/\/www.bioforschung.at\/en\/neue-videos-zum-thema-mehrnutzungshecken-online\/","title":{"rendered":"Videos zum Thema Mehrnutzungshecken online"},"content":{"rendered":"<p>Die beiden Videos \u201e<strong>Mehrnutzungshecken<\/strong>\u201c und \u201e<strong>Wurzelkonkurrenz von Hecken<\/strong>\u201c zeigen Nutzungsm\u00f6glichkeiten und Erfahrungen von Landwirt Franz Binder, Wirkungen auf das Mikroklima, die Biodiversit\u00e4t und die Wurzelkonkurrenz sowie rechtliche und F\u00f6rderungsaspekte.<\/p>\n<p>Die Videos finden Sie unter folgendem Link: <a href=\"https:\/\/www.bioforschung.at\/projects\/mehrnutzungshecken\/\"><strong>Mehrnutzungshecken<\/strong><\/a><\/p>\n\n\t\t<style type=\"text\/css\">\n\t\t\t#gallery-1 {\n\t\t\t\tmargin: auto;\n\t\t\t}\n\t\t\t#gallery-1 .gallery-item {\n\t\t\t\tfloat: left;\n\t\t\t\tmargin-top: 10px;\n\t\t\t\ttext-align: center;\n\t\t\t\twidth: 100%;\n\t\t\t}\n\t\t\t#gallery-1 img {\n\t\t\t\tborder: 2px solid #cfcfcf;\n\t\t\t}\n\t\t\t#gallery-1 .gallery-caption {\n\t\t\t\tmargin-left: 0;\n\t\t\t}\n\t\t\t\/* see gallery_shortcode() in wp-includes\/media.php *\/\n\t\t<\/style>\n\t\t<div id='gallery-1' class='gallery galleryid-70830 gallery-columns-1 gallery-size-full'><dl class='gallery-item'>\n\t\t\t<dt class='gallery-icon landscape'>\n\t\t\t\t<a href='https:\/\/www.bioforschung.at\/en\/mehrnutzungshecken-von-word-2\/'><img loading=\"lazy\" decoding=\"async\" width=\"856\" height=\"417\" src=\"https:\/\/www.bioforschung.at\/wp-content\/uploads\/2024\/05\/Mehrnutzungshecken-von-word-e1715024447175.jpg\" class=\"attachment-full size-full\" alt=\"\" \/><\/a>\n\t\t\t<\/dt><\/dl><br style=\"clear: both\" \/>\n\t\t<\/div>\n\n<p>&nbsp;<\/p>\n","protected":false},"excerpt":{"rendered":"<p>Die beiden Videos \u201eMehrnutzungshecken\u201c und \u201eWurzelkonkurrenz von Hecken\u201c zeigen Nutzungsm\u00f6glichkeiten und Erfahrungen von Landwirt Franz Binder, Wirkungen auf das Mikroklima,<\/p>\n","protected":false},"author":9,"featured_media":70815,"comment_status":"closed","ping_status":"closed","sticky":false,"template":"","format":"standard","meta":{"_acf_changed":false,"footnotes":""},"categories":[1],"tags":[],"class_list":["post-70830","post","type-post","status-publish","format-standard","has-post-thumbnail","hentry","category-allgemein"],"acf":[],"_links":{"self":[{"href":"https:\/\/www.bioforschung.at\/en\/wp-json\/wp\/v2\/posts\/70830","targetHints":{"allow":["GET"]}}],"collection":[{"href":"https:\/\/www.bioforschung.at\/en\/wp-json\/wp\/v2\/posts"}],"about":[{"href":"https:\/\/www.bioforschung.at\/en\/wp-json\/wp\/v2\/types\/post"}],"author":[{"embeddable":true,"href":"https:\/\/www.bioforschung.at\/en\/wp-json\/wp\/v2\/users\/9"}],"replies":[{"embeddable":true,"href":"https:\/\/www.bioforschung.at\/en\/wp-json\/wp\/v2\/comments?post=70830"}],"version-history":[{"count":9,"href":"https:\/\/www.bioforschung.at\/en\/wp-json\/wp\/v2\/posts\/70830\/revisions"}],"predecessor-version":[{"id":72861,"href":"https:\/\/www.bioforschung.at\/en\/wp-json\/wp\/v2\/posts\/70830\/revisions\/72861"}],"wp:featuredmedia":[{"embeddable":true,"href":"https:\/\/www.bioforschung.at\/en\/wp-json\/wp\/v2\/media\/70815"}],"wp:attachment":[{"href":"https:\/\/www.bioforschung.at\/en\/wp-json\/wp\/v2\/media?parent=70830"}],"wp:term":[{"taxonomy":"category","embeddable":true,"href":"https:\/\/www.bioforschung.at\/en\/wp-json\/wp\/v2\/categories?post=70830"},{"taxonomy":"post_tag","embeddable":true,"href":"https:\/\/www.bioforschung.at\/en\/wp-json\/wp\/v2\/tags?post=70830"}],"curies":[{"name":"wp","href":"https:\/\/api.w.org\/{rel}","templated":true}]}}