{"id":55035,"date":"2016-08-31T11:50:03","date_gmt":"2016-08-31T09:50:03","guid":{"rendered":"https:\/\/bioforschung.at\/?p=55035"},"modified":"2016-09-26T10:48:06","modified_gmt":"2016-09-26T08:48:06","slug":"tag-der-offenen-gartentuere-12-september-2016-1600-1930","status":"publish","type":"post","link":"https:\/\/www.bioforschung.at\/hu\/tag-der-offenen-gartentuere-12-september-2016-1600-1930\/","title":{"rendered":"Tag der offenen Gartent\u00fcre, 12. September 2016, 16:00 &#8211; 19:30"},"content":{"rendered":"<p>Die BIO FORSCHUNG AUSTRIA l\u00e4dt zum Tag der offenen Gartent\u00fcre.<\/p>\n<p>Vorstellung laufender Projekte, F\u00fchrung durch das Besucherzentrum, F\u00fchrung durch Garten und Wurzelaren und vieles mehr.<\/p>\n<p>Wir freuen uns auf Sie! Das Team der BIO FORSCHUNG AUSTRIA.<\/p>\n<p>Programm im Detail:<\/p>\n<p><a href=\"https:\/\/www.bioforschung.at\/wp-content\/uploads\/2016\/08\/FlyerTag-der-offenen-Gartent\u00fcre-2016-09-12-1.pdf\" target=\"_blank\">Programm<\/a><\/p>\n<p>&nbsp;<\/p>\n<p><a href=\"https:\/\/www.bioforschung.at\/wp-content\/uploads\/2015\/04\/IMG_1012.jpg\" rel=\"lightbox\"><img loading=\"lazy\" decoding=\"async\" class=\"alignnone size-medium wp-image-2460\" src=\"https:\/\/www.bioforschung.at\/wp-content\/uploads\/2015\/04\/IMG_1012-200x300.jpg\" alt=\"IMG_1012\" width=\"200\" height=\"300\" srcset=\"https:\/\/www.bioforschung.at\/wp-content\/uploads\/2015\/04\/IMG_1012-200x300.jpg 200w, https:\/\/www.bioforschung.at\/wp-content\/uploads\/2015\/04\/IMG_1012.jpg 768w, https:\/\/www.bioforschung.at\/wp-content\/uploads\/2015\/04\/IMG_1012-683x1024.jpg 683w\" sizes=\"auto, (max-width: 200px) 100vw, 200px\" \/><\/a><\/p>\n","protected":false},"excerpt":{"rendered":"<p>Die BIO FORSCHUNG AUSTRIA l\u00e4dt zum Tag der offenen Gartent\u00fcre. Vorstellung laufender Projekte, F\u00fchrung durch das Besucherzentrum, F\u00fchrung durch Garten<\/p>\n","protected":false},"author":14,"featured_media":54988,"comment_status":"closed","ping_status":"closed","sticky":false,"template":"","format":"standard","meta":{"_acf_changed":false,"footnotes":""},"categories":[1,33],"tags":[],"class_list":["post-55035","post","type-post","status-publish","format-standard","has-post-thumbnail","hentry","category-allgemein","category-konsumenten"],"acf":[],"_links":{"self":[{"href":"https:\/\/www.bioforschung.at\/hu\/wp-json\/wp\/v2\/posts\/55035","targetHints":{"allow":["GET"]}}],"collection":[{"href":"https:\/\/www.bioforschung.at\/hu\/wp-json\/wp\/v2\/posts"}],"about":[{"href":"https:\/\/www.bioforschung.at\/hu\/wp-json\/wp\/v2\/types\/post"}],"author":[{"embeddable":true,"href":"https:\/\/www.bioforschung.at\/hu\/wp-json\/wp\/v2\/users\/14"}],"replies":[{"embeddable":true,"href":"https:\/\/www.bioforschung.at\/hu\/wp-json\/wp\/v2\/comments?post=55035"}],"version-history":[{"count":9,"href":"https:\/\/www.bioforschung.at\/hu\/wp-json\/wp\/v2\/posts\/55035\/revisions"}],"predecessor-version":[{"id":55061,"href":"https:\/\/www.bioforschung.at\/hu\/wp-json\/wp\/v2\/posts\/55035\/revisions\/55061"}],"wp:featuredmedia":[{"embeddable":true,"href":"https:\/\/www.bioforschung.at\/hu\/wp-json\/wp\/v2\/media\/54988"}],"wp:attachment":[{"href":"https:\/\/www.bioforschung.at\/hu\/wp-json\/wp\/v2\/media?parent=55035"}],"wp:term":[{"taxonomy":"category","embeddable":true,"href":"https:\/\/www.bioforschung.at\/hu\/wp-json\/wp\/v2\/categories?post=55035"},{"taxonomy":"post_tag","embeddable":true,"href":"https:\/\/www.bioforschung.at\/hu\/wp-json\/wp\/v2\/tags?post=55035"}],"curies":[{"name":"wp","href":"https:\/\/api.w.org\/{rel}","templated":true}]}}