{"id":2710,"date":"2016-01-24T11:42:31","date_gmt":"2016-01-24T10:42:31","guid":{"rendered":"https:\/\/bioforschung.at\/?p=2710"},"modified":"2016-02-03T15:53:08","modified_gmt":"2016-02-03T14:53:08","slug":"drahtwurmseminar-in-der-bio-forschung-austria","status":"publish","type":"post","link":"https:\/\/www.bioforschung.at\/sk\/drahtwurmseminar-in-der-bio-forschung-austria\/","title":{"rendered":"Drahtwurmseminar in der BIO FORSCHUNG AUSTRIA"},"content":{"rendered":"<p>232Das Drahtwurmseminar vom 21.01.2016 in der BIO FORSCHUNG AUSTRIA rief gro\u00dfes Interesse hervor.\u00a0 33 interessierte Ackerbauern nahmen am besagten Seminar teil und erfuhren die Neuigkeiten zum Thema Drahtwurm\u00a0 von Dr. Bernhard Kromp, Institutsleiter der BIO FORSCHUNG AUSTRIA.<\/p>\n<p>Sie erfuhren beim Drahtwurmseminar alles \u00fcber die Biologie des Sch\u00e4dlings, die neuesten Forschungsergebnisse und M\u00f6glichkeiten zur Vorbeugung und Regulierung.<\/p>\n<p><a href=\"https:\/\/www.bioforschung.at\/wp-content\/uploads\/2016\/01\/Foto-5-e1453631510603.jpg\" rel=\"lightbox\"><img loading=\"lazy\" decoding=\"async\" class=\"alignnone size-medium wp-image-2705\" src=\"https:\/\/www.bioforschung.at\/wp-content\/uploads\/2016\/01\/Foto-5-e1453631510603-224x300.jpg\" alt=\"Foto 5\" width=\"224\" height=\"300\" srcset=\"https:\/\/www.bioforschung.at\/wp-content\/uploads\/2016\/01\/Foto-5-e1453631510603-224x300.jpg 224w, https:\/\/www.bioforschung.at\/wp-content\/uploads\/2016\/01\/Foto-5-e1453631510603.jpg 478w\" sizes=\"auto, (max-width: 224px) 100vw, 224px\" \/><\/a> <a href=\"https:\/\/www.bioforschung.at\/wp-content\/uploads\/2016\/01\/Foto-4.jpg\" rel=\"lightbox\"><img loading=\"lazy\" decoding=\"async\" class=\"alignnone size-medium wp-image-2700\" src=\"https:\/\/www.bioforschung.at\/wp-content\/uploads\/2016\/01\/Foto-4-300x224.jpg\" alt=\"Foto 4\" width=\"300\" height=\"224\" srcset=\"https:\/\/www.bioforschung.at\/wp-content\/uploads\/2016\/01\/Foto-4-300x224.jpg 300w, https:\/\/www.bioforschung.at\/wp-content\/uploads\/2016\/01\/Foto-4.jpg 640w\" sizes=\"auto, (max-width: 300px) 100vw, 300px\" \/><\/a> <a href=\"https:\/\/www.bioforschung.at\/wp-content\/uploads\/2016\/01\/Foto-3-e1453631530254.jpg\" rel=\"lightbox\"><img loading=\"lazy\" decoding=\"async\" class=\"alignnone size-medium wp-image-2695\" src=\"https:\/\/www.bioforschung.at\/wp-content\/uploads\/2016\/01\/Foto-3-e1453631530254-224x300.jpg\" alt=\"Foto 3\" width=\"224\" height=\"300\" srcset=\"https:\/\/www.bioforschung.at\/wp-content\/uploads\/2016\/01\/Foto-3-e1453631530254-224x300.jpg 224w, https:\/\/www.bioforschung.at\/wp-content\/uploads\/2016\/01\/Foto-3-e1453631530254.jpg 478w\" sizes=\"auto, (max-width: 224px) 100vw, 224px\" \/><\/a> <a href=\"https:\/\/www.bioforschung.at\/wp-content\/uploads\/2016\/01\/Foto-2.jpg\" rel=\"lightbox\"><img loading=\"lazy\" decoding=\"async\" class=\"alignnone size-medium wp-image-2690\" src=\"https:\/\/www.bioforschung.at\/wp-content\/uploads\/2016\/01\/Foto-2-300x224.jpg\" alt=\"Foto 2\" width=\"300\" height=\"224\" srcset=\"https:\/\/www.bioforschung.at\/wp-content\/uploads\/2016\/01\/Foto-2-300x224.jpg 300w, https:\/\/www.bioforschung.at\/wp-content\/uploads\/2016\/01\/Foto-2.jpg 640w\" sizes=\"auto, (max-width: 300px) 100vw, 300px\" \/><\/a> <a href=\"https:\/\/www.bioforschung.at\/wp-content\/uploads\/2016\/01\/Foto-1.jpg\" rel=\"lightbox\"><img loading=\"lazy\" decoding=\"async\" class=\"alignnone size-medium wp-image-2685\" src=\"https:\/\/www.bioforschung.at\/wp-content\/uploads\/2016\/01\/Foto-1-300x224.jpg\" alt=\"Foto 1\" width=\"300\" height=\"224\" srcset=\"https:\/\/www.bioforschung.at\/wp-content\/uploads\/2016\/01\/Foto-1-300x224.jpg 300w, https:\/\/www.bioforschung.at\/wp-content\/uploads\/2016\/01\/Foto-1.jpg 640w\" sizes=\"auto, (max-width: 300px) 100vw, 300px\" \/><\/a><\/p>\n<p>&nbsp;<\/p>\n","protected":false},"excerpt":{"rendered":"<p>232Das Drahtwurmseminar vom 21.01.2016 in der BIO FORSCHUNG AUSTRIA rief gro\u00dfes Interesse hervor.\u00a0 33 interessierte Ackerbauern nahmen am besagten Seminar<\/p>\n","protected":false},"author":14,"featured_media":2700,"comment_status":"closed","ping_status":"closed","sticky":false,"template":"","format":"standard","meta":{"_acf_changed":false,"footnotes":""},"categories":[1,34],"tags":[],"class_list":["post-2710","post","type-post","status-publish","format-standard","has-post-thumbnail","hentry","category-allgemein","category-landwirtinnen"],"acf":[],"_links":{"self":[{"href":"https:\/\/www.bioforschung.at\/sk\/wp-json\/wp\/v2\/posts\/2710","targetHints":{"allow":["GET"]}}],"collection":[{"href":"https:\/\/www.bioforschung.at\/sk\/wp-json\/wp\/v2\/posts"}],"about":[{"href":"https:\/\/www.bioforschung.at\/sk\/wp-json\/wp\/v2\/types\/post"}],"author":[{"embeddable":true,"href":"https:\/\/www.bioforschung.at\/sk\/wp-json\/wp\/v2\/users\/14"}],"replies":[{"embeddable":true,"href":"https:\/\/www.bioforschung.at\/sk\/wp-json\/wp\/v2\/comments?post=2710"}],"version-history":[{"count":2,"href":"https:\/\/www.bioforschung.at\/sk\/wp-json\/wp\/v2\/posts\/2710\/revisions"}],"predecessor-version":[{"id":2769,"href":"https:\/\/www.bioforschung.at\/sk\/wp-json\/wp\/v2\/posts\/2710\/revisions\/2769"}],"wp:featuredmedia":[{"embeddable":true,"href":"https:\/\/www.bioforschung.at\/sk\/wp-json\/wp\/v2\/media\/2700"}],"wp:attachment":[{"href":"https:\/\/www.bioforschung.at\/sk\/wp-json\/wp\/v2\/media?parent=2710"}],"wp:term":[{"taxonomy":"category","embeddable":true,"href":"https:\/\/www.bioforschung.at\/sk\/wp-json\/wp\/v2\/categories?post=2710"},{"taxonomy":"post_tag","embeddable":true,"href":"https:\/\/www.bioforschung.at\/sk\/wp-json\/wp\/v2\/tags?post=2710"}],"curies":[{"name":"wp","href":"https:\/\/api.w.org\/{rel}","templated":true}]}}