{"id":55418,"date":"2016-10-28T12:00:50","date_gmt":"2016-10-28T10:00:50","guid":{"rendered":"https:\/\/bioforschung.at\/?p=55418"},"modified":"2016-11-23T15:40:09","modified_gmt":"2016-11-23T14:40:09","slug":"feinkostladen-donaustadt-w24-dreh-in-der-bio-forschung-austria","status":"publish","type":"post","link":"https:\/\/www.bioforschung.at\/sk\/feinkostladen-donaustadt-w24-dreh-in-der-bio-forschung-austria\/","title":{"rendered":"Feinkostladen Donaustadt &#8211; W24 Dreh in der Bio Forschung Austria"},"content":{"rendered":"<p>Die Bio Forschung Austria war Mitte Oktober Gastgeber f\u00fcr die Aufzeichnung des W24 -Specials\u00a0 &#8222;Feinkostladen Donaustadt&#8220;.<\/p>\n<p>Thema waren die vielf\u00e4ltigen Initiativen rund um Lebensmittel aus Wien Donaustadt. Dabei wurde der Bogen vom Wurzelschaugarten, \u00fcber Gem\u00fcsepachtparzellen und Direktvermarkter bis zu Projekten wie dem &#8222;Paradiesgartl Aspern&#8220; und der &#8222;Lebenskoppel&#8220; gespannt.<\/p>\n<p>Erstausstrahlung des Beitrags ist der 23. November um 19:30!<\/p>\n<p>Unter diesem <a href=\"http:\/\/www.w24.at\/W24-Spezial\/250795\" target=\"_blank\">Link <\/a>kann der Betrag in der W24-Mediathek angesehen werden.<\/p>\n\n\t\t<style type=\"text\/css\">\n\t\t\t#gallery-1 {\n\t\t\t\tmargin: auto;\n\t\t\t}\n\t\t\t#gallery-1 .gallery-item {\n\t\t\t\tfloat: left;\n\t\t\t\tmargin-top: 10px;\n\t\t\t\ttext-align: center;\n\t\t\t\twidth: 33%;\n\t\t\t}\n\t\t\t#gallery-1 img {\n\t\t\t\tborder: 2px solid #cfcfcf;\n\t\t\t}\n\t\t\t#gallery-1 .gallery-caption {\n\t\t\t\tmargin-left: 0;\n\t\t\t}\n\t\t\t\/* see gallery_shortcode() in wp-includes\/media.php *\/\n\t\t<\/style>\n\t\t<div id='gallery-1' class='gallery galleryid-55418 gallery-columns-3 gallery-size-large'><dl class='gallery-item'>\n\t\t\t<dt class='gallery-icon landscape'>\n\t\t\t\t<a href='https:\/\/www.bioforschung.at\/sk\/gruppenfoto-w24-dreh-5\/'><img loading=\"lazy\" decoding=\"async\" width=\"1024\" height=\"576\" src=\"https:\/\/www.bioforschung.at\/wp-content\/uploads\/2016\/10\/Gruppenfoto-W24-Dreh-1024x576.jpg\" class=\"attachment-large size-large\" alt=\"\" srcset=\"https:\/\/www.bioforschung.at\/wp-content\/uploads\/2016\/10\/Gruppenfoto-W24-Dreh-1024x576.jpg 1024w, https:\/\/www.bioforschung.at\/wp-content\/uploads\/2016\/10\/Gruppenfoto-W24-Dreh-300x169.jpg 300w, https:\/\/www.bioforschung.at\/wp-content\/uploads\/2016\/10\/Gruppenfoto-W24-Dreh-768x432.jpg 768w, https:\/\/www.bioforschung.at\/wp-content\/uploads\/2016\/10\/Gruppenfoto-W24-Dreh.jpg 2000w\" sizes=\"auto, (max-width: 1024px) 100vw, 1024px\" \/><\/a>\n\t\t\t<\/dt><\/dl>\n\t\t\t<br style='clear: both' \/>\n\t\t<\/div>\n\n","protected":false},"excerpt":{"rendered":"<p>Die Bio Forschung Austria war Mitte Oktober Gastgeber f\u00fcr die Aufzeichnung des W24 -Specials\u00a0 &#8222;Feinkostladen Donaustadt&#8220;. Thema waren die vielf\u00e4ltigen<\/p>\n","protected":false},"author":14,"featured_media":55294,"comment_status":"closed","ping_status":"closed","sticky":false,"template":"","format":"standard","meta":{"_acf_changed":false,"footnotes":""},"categories":[1],"tags":[],"class_list":["post-55418","post","type-post","status-publish","format-standard","has-post-thumbnail","hentry","category-allgemein"],"acf":[],"_links":{"self":[{"href":"https:\/\/www.bioforschung.at\/sk\/wp-json\/wp\/v2\/posts\/55418","targetHints":{"allow":["GET"]}}],"collection":[{"href":"https:\/\/www.bioforschung.at\/sk\/wp-json\/wp\/v2\/posts"}],"about":[{"href":"https:\/\/www.bioforschung.at\/sk\/wp-json\/wp\/v2\/types\/post"}],"author":[{"embeddable":true,"href":"https:\/\/www.bioforschung.at\/sk\/wp-json\/wp\/v2\/users\/14"}],"replies":[{"embeddable":true,"href":"https:\/\/www.bioforschung.at\/sk\/wp-json\/wp\/v2\/comments?post=55418"}],"version-history":[{"count":11,"href":"https:\/\/www.bioforschung.at\/sk\/wp-json\/wp\/v2\/posts\/55418\/revisions"}],"predecessor-version":[{"id":55511,"href":"https:\/\/www.bioforschung.at\/sk\/wp-json\/wp\/v2\/posts\/55418\/revisions\/55511"}],"wp:featuredmedia":[{"embeddable":true,"href":"https:\/\/www.bioforschung.at\/sk\/wp-json\/wp\/v2\/media\/55294"}],"wp:attachment":[{"href":"https:\/\/www.bioforschung.at\/sk\/wp-json\/wp\/v2\/media?parent=55418"}],"wp:term":[{"taxonomy":"category","embeddable":true,"href":"https:\/\/www.bioforschung.at\/sk\/wp-json\/wp\/v2\/categories?post=55418"},{"taxonomy":"post_tag","embeddable":true,"href":"https:\/\/www.bioforschung.at\/sk\/wp-json\/wp\/v2\/tags?post=55418"}],"curies":[{"name":"wp","href":"https:\/\/api.w.org\/{rel}","templated":true}]}}