{"id":56055,"date":"2017-02-08T10:51:59","date_gmt":"2017-02-08T09:51:59","guid":{"rendered":"https:\/\/bioforschung.at\/?p=56055"},"modified":"2017-02-10T10:57:32","modified_gmt":"2017-02-10T09:57:32","slug":"seminar-organisation-und-gruendung-eines-gemeinschaftsgartens-am-24-25-maerz-2017","status":"publish","type":"post","link":"https:\/\/www.bioforschung.at\/sk\/seminar-organisation-und-gruendung-eines-gemeinschaftsgartens-am-24-25-maerz-2017\/","title":{"rendered":"Seminar Organisation und Gr\u00fcndung eines Gemeinschaftsgartens am 24. &amp; 25. M\u00e4rz 2017"},"content":{"rendered":"<h3><strong>Du m\u00f6chtest einen Gemeinschaftsgarten gr\u00fcnden, aber du wei\u00dft nicht, wo anfangen?<br \/>\n<\/strong><strong>Welche praktischen Schritte, Abmachungen und Methoden braucht es in der jeweiligen Phase?<\/strong><\/h3>\n<p>Das Seminar \u201e<strong>Organisation und Gr\u00fcndung eines Gemeinschaftsgartens<\/strong>\u201c ist eine Fortbildung f\u00fcr Menschen, die einen Gemeinschaftsgarten initiieren und begleiten wollen &#8211; und solche, die bereits mitten drin stecken. Hier geht es nicht um Pflanzen &amp; Beete, sondern um den sozialen Garten,\u00a0 kurz: das Miteinander. Denn ein Garten ist ein Ort, wo auch eine Gruppe w\u00e4chst; und das braucht eben soviel Pflege wie ein Pflanzenbeet.<\/p>\n<p>Alle weiteren Informationen inklusive Anmeldung zum Seminar findest du<strong><a href=\"https:\/\/www.bioforschung.at\/events\/organisation-und-gruendung-eines-gemeinschaftsgartens\/\"> hier.<br \/>\n<\/a><\/strong><\/p>\n<p>Auf eure Teilnahme freuen sich die Teams von<\/p>\n<p><a href=\"https:\/\/www.bioforschung.at\/wp-content\/uploads\/2016\/09\/Gartenpolylog_Claim_rgb_300dpi_2014_klein.jpg\" rel=\"lightbox\"><img loading=\"lazy\" decoding=\"async\" class=\"alignnone wp-image-55120\" src=\"https:\/\/www.bioforschung.at\/wp-content\/uploads\/2016\/09\/Gartenpolylog_Claim_rgb_300dpi_2014_klein-300x148.jpg\" alt=\"Druck\" width=\"136\" height=\"67\" srcset=\"https:\/\/www.bioforschung.at\/wp-content\/uploads\/2016\/09\/Gartenpolylog_Claim_rgb_300dpi_2014_klein-300x148.jpg 300w, https:\/\/www.bioforschung.at\/wp-content\/uploads\/2016\/09\/Gartenpolylog_Claim_rgb_300dpi_2014_klein-768x378.jpg 768w, https:\/\/www.bioforschung.at\/wp-content\/uploads\/2016\/09\/Gartenpolylog_Claim_rgb_300dpi_2014_klein-1024x504.jpg 1024w, https:\/\/www.bioforschung.at\/wp-content\/uploads\/2016\/09\/Gartenpolylog_Claim_rgb_300dpi_2014_klein.jpg 1181w\" sizes=\"auto, (max-width: 136px) 100vw, 136px\" \/><\/a>\u00a0 &amp;\u00a0 <a href=\"https:\/\/www.bioforschung.at\/wp-content\/uploads\/2016\/09\/logo-web.png\" rel=\"lightbox\"><img loading=\"lazy\" decoding=\"async\" class=\"alignnone wp-image-55088\" src=\"https:\/\/www.bioforschung.at\/wp-content\/uploads\/2016\/09\/logo-web-300x91.png\" alt=\"logo-web\" width=\"186\" height=\"56\" srcset=\"https:\/\/www.bioforschung.at\/wp-content\/uploads\/2016\/09\/logo-web-300x91.png 300w, https:\/\/www.bioforschung.at\/wp-content\/uploads\/2016\/09\/logo-web.png 346w\" sizes=\"auto, (max-width: 186px) 100vw, 186px\" \/><\/a><\/p>\n","protected":false},"excerpt":{"rendered":"<p>Du m\u00f6chtest einen Gemeinschaftsgarten gr\u00fcnden, aber du wei\u00dft nicht, wo anfangen? Welche praktischen Schritte, Abmachungen und Methoden braucht es in<\/p>\n","protected":false},"author":14,"featured_media":3324,"comment_status":"closed","ping_status":"closed","sticky":false,"template":"","format":"standard","meta":{"_acf_changed":false,"footnotes":""},"categories":[33],"tags":[],"class_list":["post-56055","post","type-post","status-publish","format-standard","has-post-thumbnail","hentry","category-konsumenten"],"acf":[],"_links":{"self":[{"href":"https:\/\/www.bioforschung.at\/sk\/wp-json\/wp\/v2\/posts\/56055","targetHints":{"allow":["GET"]}}],"collection":[{"href":"https:\/\/www.bioforschung.at\/sk\/wp-json\/wp\/v2\/posts"}],"about":[{"href":"https:\/\/www.bioforschung.at\/sk\/wp-json\/wp\/v2\/types\/post"}],"author":[{"embeddable":true,"href":"https:\/\/www.bioforschung.at\/sk\/wp-json\/wp\/v2\/users\/14"}],"replies":[{"embeddable":true,"href":"https:\/\/www.bioforschung.at\/sk\/wp-json\/wp\/v2\/comments?post=56055"}],"version-history":[{"count":19,"href":"https:\/\/www.bioforschung.at\/sk\/wp-json\/wp\/v2\/posts\/56055\/revisions"}],"predecessor-version":[{"id":56074,"href":"https:\/\/www.bioforschung.at\/sk\/wp-json\/wp\/v2\/posts\/56055\/revisions\/56074"}],"wp:featuredmedia":[{"embeddable":true,"href":"https:\/\/www.bioforschung.at\/sk\/wp-json\/wp\/v2\/media\/3324"}],"wp:attachment":[{"href":"https:\/\/www.bioforschung.at\/sk\/wp-json\/wp\/v2\/media?parent=56055"}],"wp:term":[{"taxonomy":"category","embeddable":true,"href":"https:\/\/www.bioforschung.at\/sk\/wp-json\/wp\/v2\/categories?post=56055"},{"taxonomy":"post_tag","embeddable":true,"href":"https:\/\/www.bioforschung.at\/sk\/wp-json\/wp\/v2\/tags?post=56055"}],"curies":[{"name":"wp","href":"https:\/\/api.w.org\/{rel}","templated":true}]}}