{"id":62545,"date":"2020-05-19T10:13:43","date_gmt":"2020-05-19T08:13:43","guid":{"rendered":"https:\/\/www.bioforschung.at\/?p=62545"},"modified":"2020-05-19T10:49:49","modified_gmt":"2020-05-19T08:49:49","slug":"welt-bienen-tag-am-20-mai","status":"publish","type":"post","link":"https:\/\/www.bioforschung.at\/sk\/welt-bienen-tag-am-20-mai\/","title":{"rendered":"Welt-Bienen-Tag am 20. Mai"},"content":{"rendered":"<p>Der von Bio Forschung Austria angelegte \u201e<strong>Garten der Vielfalt<\/strong>\u201c macht seinem Namen alle Ehre. Neueste Untersuchungen ergaben, dass er sogar der <strong>artenreichste Wildbienen-Hotspot<\/strong> Wiens ist!<\/p>\n<p>In den Jahren 2013, 2017 und 2018 wurden insgesamt <strong>134 verschiedene Wildbienenarten<\/strong> gefunden. Darunter, mit der Gelbfleckigen D\u00fcsterbiene (<em>Stelis signata<\/em>) auch ein Erstnachweis f\u00fcr Wien. Das entspricht 29% der in Wien nachgewiesenen Bienenarten auf einer Fl\u00e4che von nur 1,5 ha.<\/p>\n<p>Dieses erstaunliche Ergebnis wurde mithilfe einer gezielten F\u00f6rderung der Biodiversit\u00e4t im \u201eGarten der Vielfalt\u201c unter der Leitung von Ing. Christoph Ableidinger erreicht. Durch ihre kleinr\u00e4umige Strukturvielfalt und reichhaltiges Bl\u00fctenangebot kommt G\u00e4rten eine wichtige Bedeutung f\u00fcr spezialisierte und gef\u00e4hrdete Wildbienenarten zu.<\/p>\n<p>Wie man das auch im eigenen Garten schafft k\u00f6nnen BesucherInnen im \u201eGarten der Vielfalt\u201c direkt erleben.<\/p>\n<p>Montag bis Freitags (9.00 bis 16.30) kann der Garten ohne Voranmeldung besichtigt werden.<\/p>\n<p>Weitere Informationen zu Gartenf\u00fchrungen finden Sie <a href=\"\/?p=61514\">hier.<\/a><\/p>\n<p>Auch unser neuestes Projekt <a href=\"https:\/\/www.bioforschung.at\/projects\/symbio-at-cz\/\">SYM:BIO<\/a> besch\u00e4ftigt sich mit der F\u00f6rderung von Biodiversit\u00e4t in privaten und \u00f6ffentlichen Gr\u00fcnr\u00e4umen.<\/p>\n","protected":false},"excerpt":{"rendered":"<p>Der von Bio Forschung Austria angelegte \u201eGarten der Vielfalt\u201c macht seinem Namen alle Ehre. Neueste Untersuchungen ergaben, dass er sogar<\/p>\n","protected":false},"author":14,"featured_media":62509,"comment_status":"closed","ping_status":"closed","sticky":false,"template":"","format":"standard","meta":{"_acf_changed":false,"footnotes":""},"categories":[1,105,33,36],"tags":[],"class_list":["post-62545","post","type-post","status-publish","format-standard","has-post-thumbnail","hentry","category-allgemein","category-gaertnerinnen","category-konsumenten","category-schulen"],"acf":[],"_links":{"self":[{"href":"https:\/\/www.bioforschung.at\/sk\/wp-json\/wp\/v2\/posts\/62545","targetHints":{"allow":["GET"]}}],"collection":[{"href":"https:\/\/www.bioforschung.at\/sk\/wp-json\/wp\/v2\/posts"}],"about":[{"href":"https:\/\/www.bioforschung.at\/sk\/wp-json\/wp\/v2\/types\/post"}],"author":[{"embeddable":true,"href":"https:\/\/www.bioforschung.at\/sk\/wp-json\/wp\/v2\/users\/14"}],"replies":[{"embeddable":true,"href":"https:\/\/www.bioforschung.at\/sk\/wp-json\/wp\/v2\/comments?post=62545"}],"version-history":[{"count":3,"href":"https:\/\/www.bioforschung.at\/sk\/wp-json\/wp\/v2\/posts\/62545\/revisions"}],"predecessor-version":[{"id":62550,"href":"https:\/\/www.bioforschung.at\/sk\/wp-json\/wp\/v2\/posts\/62545\/revisions\/62550"}],"wp:featuredmedia":[{"embeddable":true,"href":"https:\/\/www.bioforschung.at\/sk\/wp-json\/wp\/v2\/media\/62509"}],"wp:attachment":[{"href":"https:\/\/www.bioforschung.at\/sk\/wp-json\/wp\/v2\/media?parent=62545"}],"wp:term":[{"taxonomy":"category","embeddable":true,"href":"https:\/\/www.bioforschung.at\/sk\/wp-json\/wp\/v2\/categories?post=62545"},{"taxonomy":"post_tag","embeddable":true,"href":"https:\/\/www.bioforschung.at\/sk\/wp-json\/wp\/v2\/tags?post=62545"}],"curies":[{"name":"wp","href":"https:\/\/api.w.org\/{rel}","templated":true}]}}