{"id":63075,"date":"2021-06-13T07:00:40","date_gmt":"2021-06-13T05:00:40","guid":{"rendered":"https:\/\/www.bioforschung.at\/?p=63075"},"modified":"2021-09-04T09:33:51","modified_gmt":"2021-09-04T07:33:51","slug":"einladung-zum-se-wassereffizienter-ackerbau","status":"publish","type":"post","link":"https:\/\/www.bioforschung.at\/sk\/einladung-zum-se-wassereffizienter-ackerbau\/","title":{"rendered":"Einladung zum SE Wassereffizienter Ackerbau"},"content":{"rendered":"<p>Durch die Klimaerw\u00e4rmung ist mit h\u00e4ufiger vorkommenden Wetterextremen zu rechnen. Dies stellt die Landwirtschaft vor gro\u00dfe Herausforderungen, weil Wasser einerseits zur knappen Ressource wird und andererseits Intensiv-Niederschlagsereignisse mit starker Bodenerosion zu erwarten sind. Diese ver\u00e4nderten Bedingungen erfordern es umso mehr, B\u00f6den in ihren bestm\u00f6glichen Zustand zu bringen.<\/p>\n<p>In einem dreit\u00e4gigen Seminar werden Ma\u00dfnahmen besprochen, welche die Wasseraufnahme und Wasserspeicherf\u00e4higkeit von B\u00f6den erh\u00f6hen sowie unn\u00f6tige Wasserverluste vermeiden helfen.<\/p>\n<p><strong>Termine:\u00a0 <\/strong>31.8., 7.9. und 9.9.2021, jeweils 9 \u2013 17.30 Uhr<\/p>\n<p>Weitere Informationen sowie die Anmeldung zur Veranstaltung finden Sie<strong><a href=\"https:\/\/www.bioforschung.at\/events\/wassereffizienter-ackerbau-2021\/\"> hier.<\/a><\/strong><\/p>\n","protected":false},"excerpt":{"rendered":"<p>Durch die Klimaerw\u00e4rmung ist mit h\u00e4ufiger vorkommenden Wetterextremen zu rechnen. Dies stellt die Landwirtschaft vor gro\u00dfe Herausforderungen, weil Wasser einerseits<\/p>\n","protected":false},"author":14,"featured_media":63050,"comment_status":"closed","ping_status":"closed","sticky":false,"template":"","format":"standard","meta":{"_acf_changed":false,"footnotes":""},"categories":[1,34],"tags":[],"class_list":["post-63075","post","type-post","status-publish","format-standard","has-post-thumbnail","hentry","category-allgemein","category-landwirtinnen"],"acf":[],"_links":{"self":[{"href":"https:\/\/www.bioforschung.at\/sk\/wp-json\/wp\/v2\/posts\/63075","targetHints":{"allow":["GET"]}}],"collection":[{"href":"https:\/\/www.bioforschung.at\/sk\/wp-json\/wp\/v2\/posts"}],"about":[{"href":"https:\/\/www.bioforschung.at\/sk\/wp-json\/wp\/v2\/types\/post"}],"author":[{"embeddable":true,"href":"https:\/\/www.bioforschung.at\/sk\/wp-json\/wp\/v2\/users\/14"}],"replies":[{"embeddable":true,"href":"https:\/\/www.bioforschung.at\/sk\/wp-json\/wp\/v2\/comments?post=63075"}],"version-history":[{"count":5,"href":"https:\/\/www.bioforschung.at\/sk\/wp-json\/wp\/v2\/posts\/63075\/revisions"}],"predecessor-version":[{"id":64016,"href":"https:\/\/www.bioforschung.at\/sk\/wp-json\/wp\/v2\/posts\/63075\/revisions\/64016"}],"wp:featuredmedia":[{"embeddable":true,"href":"https:\/\/www.bioforschung.at\/sk\/wp-json\/wp\/v2\/media\/63050"}],"wp:attachment":[{"href":"https:\/\/www.bioforschung.at\/sk\/wp-json\/wp\/v2\/media?parent=63075"}],"wp:term":[{"taxonomy":"category","embeddable":true,"href":"https:\/\/www.bioforschung.at\/sk\/wp-json\/wp\/v2\/categories?post=63075"},{"taxonomy":"post_tag","embeddable":true,"href":"https:\/\/www.bioforschung.at\/sk\/wp-json\/wp\/v2\/tags?post=63075"}],"curies":[{"name":"wp","href":"https:\/\/api.w.org\/{rel}","templated":true}]}}